{"id":5610,"date":"2024-05-08T16:37:07","date_gmt":"2024-05-08T14:37:07","guid":{"rendered":"https:\/\/www.swissrtec.ch\/swissrtec-presents-its-new-fine-delamination-mill-at-ifat2024\/"},"modified":"2025-07-04T15:22:04","modified_gmt":"2025-07-04T13:22:04","slug":"swissrtec-presents-its-new-fine-delamination-mill-at-ifat2024","status":"publish","type":"post","link":"https:\/\/www.swissrtec.ch\/de\/swissrtec-presents-its-new-fine-delamination-mill-at-ifat2024\/","title":{"rendered":"SWISSRTEC AG PR\u00c4SENTIERT AUF DER IFAT2024 SEINE NEUE AUFSCHLUSSM\u00dcHLE"},"content":{"rendered":"","protected":false},"excerpt":{"rendered":"","protected":false},"author":1,"featured_media":0,"comment_status":"closed","ping_status":"closed","sticky":false,"template":"","format":"standard","meta":{"_acf_changed":false,"inline_featured_image":false,"footnotes":""},"categories":[36],"tags":[],"class_list":["post-5610","post","type-post","status-publish","format-standard","hentry","category-unkategorisiert"],"acf":{"module":[{"acf_fc_layout":"zeile","modul_aktiv":true,"beschriftung_backend":"","volle_breite":false,"hintergrund":"","hintergrundfarbe":"","hintergrundbild":null,"abstand_oben":35,"padding_oben":35,"beschriftung":"","uberschrift":"","ueberschrift_farbe":"","spalten":"1","hintergrundfarbe_spalte_1":"","spalte_1_inhalt":"text","spalte_1_ausrichtung":"align-items-center","spalte_1_textfluss":"justify-content-start","carousel_spalte_1":null,"spalte_1_text":"<strong>swissRTec AG pr\u00e4sentiert auf der IFAT2024 die NEUE Aufschlussm\u00fchle. Eine M\u00fchle wie ein Schweizer Uhrwerk, pr\u00e4zise, zuverl\u00e4ssig und von hoher Qualit\u00e4t.<\/strong>\r\n\r\nDie Maschine ist f\u00fcr die Verarbeitung von Verbundabf\u00e4llen wie Leiterplatten, Litzenkabel, Li-Ionen-Batterieabf\u00e4lle und vieles mehr konzipiert.\r\n\r\nDas bahnbrechende, hocheffiziente Antriebskonzept wurde speziell f\u00fcr den Antrieb der vertikalen Welle entwickelt und ist ein Novum in der Recyclingbranche. Der praktisch wartungsfreie Antrieb hat bis zu 40 % weniger Energieverlust als ein Antrieb mit IE3-Motor, was den Energieverbrauch und die CO2-Emissionen deutlich reduziert. Die einfach zu installierenden Werkzeuge k\u00f6nnen mehrfach verwendet werden. Es wurden viele weitere clevere L\u00f6sungen umgesetzt.","spalte_1_text_padding":{"top":"","right":"","bottom":"","left":""},"spalte_1_bild":null,"spalte_1_bild_mobile":null,"hintergrundfarbe_spalte_2":"","spalte_2_inhalt":false,"spalte_2_ausrichtung":"align-items-center","spalte_2_text":"","spalte_2_text_padding":{"top":"","right":"","bottom":"","left":""},"spalte_2_bild":null,"spalte_2_bild_mobile":null,"spalte_2_spezial_layer":false,"hintergrundfarbe_spalte_3":"","spalte_3_inhalt":false,"spalte_3_ausrichtung":"align-items-center","spalte_3_text":"","spalte_3_text_padding":{"top":"","right":"","bottom":"","left":""},"spalte_3_bild":null,"spalte_3_bild_mobile":null,"abstand_unten":35,"padding_unten":35}]},"yoast_head":"<!-- This site is optimized with the Yoast SEO plugin v25.3.1 - https:\/\/yoast.com\/wordpress\/plugins\/seo\/ -->\n<title>SWISSRTEC AG PR\u00c4SENTIERT AUF DER IFAT2024 SEINE NEUE AUFSCHLUSSM\u00dcHLE - swissRTec AG<\/title>\n<meta name=\"robots\" content=\"index, follow, max-snippet:-1, max-image-preview:large, max-video-preview:-1\" \/>\n<link rel=\"canonical\" href=\"https:\/\/www.swissrtec.ch\/de\/swissrtec-presents-its-new-fine-delamination-mill-at-ifat2024\/\" \/>\n<meta property=\"og:locale\" content=\"de_DE\" \/>\n<meta property=\"og:type\" content=\"article\" \/>\n<meta property=\"og:title\" content=\"SWISSRTEC AG PR\u00c4SENTIERT AUF DER IFAT2024 SEINE NEUE AUFSCHLUSSM\u00dcHLE - swissRTec AG\" \/>\n<meta property=\"og:url\" content=\"https:\/\/www.swissrtec.ch\/de\/swissrtec-presents-its-new-fine-delamination-mill-at-ifat2024\/\" \/>\n<meta property=\"og:site_name\" content=\"swissRTec AG\" \/>\n<meta property=\"article:published_time\" content=\"2024-05-08T14:37:07+00:00\" \/>\n<meta property=\"article:modified_time\" content=\"2025-07-04T13:22:04+00:00\" \/>\n<meta name=\"author\" content=\"root\" \/>\n<meta name=\"twitter:card\" content=\"summary_large_image\" \/>\n<meta name=\"twitter:label1\" content=\"Verfasst von\" \/>\n\t<meta name=\"twitter:data1\" content=\"root\" \/>\n<script type=\"application\/ld+json\" class=\"yoast-schema-graph\">{\"@context\":\"https:\/\/schema.org\",\"@graph\":[{\"@type\":\"Article\",\"@id\":\"https:\/\/www.swissrtec.ch\/de\/swissrtec-presents-its-new-fine-delamination-mill-at-ifat2024\/#article\",\"isPartOf\":{\"@id\":\"https:\/\/www.swissrtec.ch\/de\/swissrtec-presents-its-new-fine-delamination-mill-at-ifat2024\/\"},\"author\":{\"name\":\"root\",\"@id\":\"https:\/\/www.swissrtec.ch\/#\/schema\/person\/c006a35115d12979b5451fa8d0a9ab85\"},\"headline\":\"SWISSRTEC AG PR\u00c4SENTIERT AUF DER IFAT2024 SEINE NEUE AUFSCHLUSSM\u00dcHLE\",\"datePublished\":\"2024-05-08T14:37:07+00:00\",\"dateModified\":\"2025-07-04T13:22:04+00:00\",\"mainEntityOfPage\":{\"@id\":\"https:\/\/www.swissrtec.ch\/de\/swissrtec-presents-its-new-fine-delamination-mill-at-ifat2024\/\"},\"wordCount\":11,\"publisher\":{\"@id\":\"https:\/\/www.swissrtec.ch\/#organization\"},\"articleSection\":[\"Unkategorisiert\"],\"inLanguage\":\"de\"},{\"@type\":\"WebPage\",\"@id\":\"https:\/\/www.swissrtec.ch\/de\/swissrtec-presents-its-new-fine-delamination-mill-at-ifat2024\/\",\"url\":\"https:\/\/www.swissrtec.ch\/de\/swissrtec-presents-its-new-fine-delamination-mill-at-ifat2024\/\",\"name\":\"SWISSRTEC AG PR\u00c4SENTIERT AUF DER IFAT2024 SEINE NEUE AUFSCHLUSSM\u00dcHLE - swissRTec AG\",\"isPartOf\":{\"@id\":\"https:\/\/www.swissrtec.ch\/#website\"},\"datePublished\":\"2024-05-08T14:37:07+00:00\",\"dateModified\":\"2025-07-04T13:22:04+00:00\",\"breadcrumb\":{\"@id\":\"https:\/\/www.swissrtec.ch\/de\/swissrtec-presents-its-new-fine-delamination-mill-at-ifat2024\/#breadcrumb\"},\"inLanguage\":\"de\",\"potentialAction\":[{\"@type\":\"ReadAction\",\"target\":[\"https:\/\/www.swissrtec.ch\/de\/swissrtec-presents-its-new-fine-delamination-mill-at-ifat2024\/\"]}]},{\"@type\":\"BreadcrumbList\",\"@id\":\"https:\/\/www.swissrtec.ch\/de\/swissrtec-presents-its-new-fine-delamination-mill-at-ifat2024\/#breadcrumb\",\"itemListElement\":[{\"@type\":\"ListItem\",\"position\":1,\"name\":\"Home\",\"item\":\"https:\/\/www.swissrtec.ch\/de\/\"},{\"@type\":\"ListItem\",\"position\":2,\"name\":\"SWISSRTEC AG PR\u00c4SENTIERT AUF DER IFAT2024 SEINE NEUE AUFSCHLUSSM\u00dcHLE\"}]},{\"@type\":\"WebSite\",\"@id\":\"https:\/\/www.swissrtec.ch\/#website\",\"url\":\"https:\/\/www.swissrtec.ch\/\",\"name\":\"swissRTec\",\"description\":\"\",\"publisher\":{\"@id\":\"https:\/\/www.swissrtec.ch\/#organization\"},\"potentialAction\":[{\"@type\":\"SearchAction\",\"target\":{\"@type\":\"EntryPoint\",\"urlTemplate\":\"https:\/\/www.swissrtec.ch\/?s={search_term_string}\"},\"query-input\":{\"@type\":\"PropertyValueSpecification\",\"valueRequired\":true,\"valueName\":\"search_term_string\"}}],\"inLanguage\":\"de\"},{\"@type\":\"Organization\",\"@id\":\"https:\/\/www.swissrtec.ch\/#organization\",\"name\":\"swissRTec AG\",\"url\":\"https:\/\/www.swissrtec.ch\/\",\"logo\":{\"@type\":\"ImageObject\",\"inLanguage\":\"de\",\"@id\":\"https:\/\/www.swissrtec.ch\/#\/schema\/logo\/image\/\",\"url\":\"https:\/\/www.swissrtec.ch\/wp-content\/uploads\/2025\/03\/swissrtec-logo.svg\",\"contentUrl\":\"https:\/\/www.swissrtec.ch\/wp-content\/uploads\/2025\/03\/swissrtec-logo.svg\",\"width\":1,\"height\":1,\"caption\":\"swissRTec AG\"},\"image\":{\"@id\":\"https:\/\/www.swissrtec.ch\/#\/schema\/logo\/image\/\"}},{\"@type\":\"Person\",\"@id\":\"https:\/\/www.swissrtec.ch\/#\/schema\/person\/c006a35115d12979b5451fa8d0a9ab85\",\"name\":\"root\",\"image\":{\"@type\":\"ImageObject\",\"inLanguage\":\"de\",\"@id\":\"https:\/\/www.swissrtec.ch\/#\/schema\/person\/image\/\",\"url\":\"https:\/\/www.swissrtec.ch\/wp-content\/litespeed\/avatar\/55f0d04b1481313b68eb9a474a119867.jpg?ver=1777640604\",\"contentUrl\":\"https:\/\/www.swissrtec.ch\/wp-content\/litespeed\/avatar\/55f0d04b1481313b68eb9a474a119867.jpg?ver=1777640604\",\"caption\":\"root\"},\"sameAs\":[\"https:\/\/www.swissrtec.ch\"],\"url\":\"https:\/\/www.swissrtec.ch\/de\/author\/root\/\"}]}<\/script>\n<!-- \/ Yoast SEO plugin. -->","yoast_head_json":{"title":"SWISSRTEC AG PR\u00c4SENTIERT AUF DER IFAT2024 SEINE NEUE AUFSCHLUSSM\u00dcHLE - swissRTec AG","robots":{"index":"index","follow":"follow","max-snippet":"max-snippet:-1","max-image-preview":"max-image-preview:large","max-video-preview":"max-video-preview:-1"},"canonical":"https:\/\/www.swissrtec.ch\/de\/swissrtec-presents-its-new-fine-delamination-mill-at-ifat2024\/","og_locale":"de_DE","og_type":"article","og_title":"SWISSRTEC AG PR\u00c4SENTIERT AUF DER IFAT2024 SEINE NEUE AUFSCHLUSSM\u00dcHLE - swissRTec AG","og_url":"https:\/\/www.swissrtec.ch\/de\/swissrtec-presents-its-new-fine-delamination-mill-at-ifat2024\/","og_site_name":"swissRTec AG","article_published_time":"2024-05-08T14:37:07+00:00","article_modified_time":"2025-07-04T13:22:04+00:00","author":"root","twitter_card":"summary_large_image","twitter_misc":{"Verfasst von":"root"},"schema":{"@context":"https:\/\/schema.org","@graph":[{"@type":"Article","@id":"https:\/\/www.swissrtec.ch\/de\/swissrtec-presents-its-new-fine-delamination-mill-at-ifat2024\/#article","isPartOf":{"@id":"https:\/\/www.swissrtec.ch\/de\/swissrtec-presents-its-new-fine-delamination-mill-at-ifat2024\/"},"author":{"name":"root","@id":"https:\/\/www.swissrtec.ch\/#\/schema\/person\/c006a35115d12979b5451fa8d0a9ab85"},"headline":"SWISSRTEC AG PR\u00c4SENTIERT AUF DER IFAT2024 SEINE NEUE AUFSCHLUSSM\u00dcHLE","datePublished":"2024-05-08T14:37:07+00:00","dateModified":"2025-07-04T13:22:04+00:00","mainEntityOfPage":{"@id":"https:\/\/www.swissrtec.ch\/de\/swissrtec-presents-its-new-fine-delamination-mill-at-ifat2024\/"},"wordCount":11,"publisher":{"@id":"https:\/\/www.swissrtec.ch\/#organization"},"articleSection":["Unkategorisiert"],"inLanguage":"de"},{"@type":"WebPage","@id":"https:\/\/www.swissrtec.ch\/de\/swissrtec-presents-its-new-fine-delamination-mill-at-ifat2024\/","url":"https:\/\/www.swissrtec.ch\/de\/swissrtec-presents-its-new-fine-delamination-mill-at-ifat2024\/","name":"SWISSRTEC AG PR\u00c4SENTIERT AUF DER IFAT2024 SEINE NEUE AUFSCHLUSSM\u00dcHLE - swissRTec AG","isPartOf":{"@id":"https:\/\/www.swissrtec.ch\/#website"},"datePublished":"2024-05-08T14:37:07+00:00","dateModified":"2025-07-04T13:22:04+00:00","breadcrumb":{"@id":"https:\/\/www.swissrtec.ch\/de\/swissrtec-presents-its-new-fine-delamination-mill-at-ifat2024\/#breadcrumb"},"inLanguage":"de","potentialAction":[{"@type":"ReadAction","target":["https:\/\/www.swissrtec.ch\/de\/swissrtec-presents-its-new-fine-delamination-mill-at-ifat2024\/"]}]},{"@type":"BreadcrumbList","@id":"https:\/\/www.swissrtec.ch\/de\/swissrtec-presents-its-new-fine-delamination-mill-at-ifat2024\/#breadcrumb","itemListElement":[{"@type":"ListItem","position":1,"name":"Home","item":"https:\/\/www.swissrtec.ch\/de\/"},{"@type":"ListItem","position":2,"name":"SWISSRTEC AG PR\u00c4SENTIERT AUF DER IFAT2024 SEINE NEUE AUFSCHLUSSM\u00dcHLE"}]},{"@type":"WebSite","@id":"https:\/\/www.swissrtec.ch\/#website","url":"https:\/\/www.swissrtec.ch\/","name":"swissRTec","description":"","publisher":{"@id":"https:\/\/www.swissrtec.ch\/#organization"},"potentialAction":[{"@type":"SearchAction","target":{"@type":"EntryPoint","urlTemplate":"https:\/\/www.swissrtec.ch\/?s={search_term_string}"},"query-input":{"@type":"PropertyValueSpecification","valueRequired":true,"valueName":"search_term_string"}}],"inLanguage":"de"},{"@type":"Organization","@id":"https:\/\/www.swissrtec.ch\/#organization","name":"swissRTec AG","url":"https:\/\/www.swissrtec.ch\/","logo":{"@type":"ImageObject","inLanguage":"de","@id":"https:\/\/www.swissrtec.ch\/#\/schema\/logo\/image\/","url":"https:\/\/www.swissrtec.ch\/wp-content\/uploads\/2025\/03\/swissrtec-logo.svg","contentUrl":"https:\/\/www.swissrtec.ch\/wp-content\/uploads\/2025\/03\/swissrtec-logo.svg","width":1,"height":1,"caption":"swissRTec AG"},"image":{"@id":"https:\/\/www.swissrtec.ch\/#\/schema\/logo\/image\/"}},{"@type":"Person","@id":"https:\/\/www.swissrtec.ch\/#\/schema\/person\/c006a35115d12979b5451fa8d0a9ab85","name":"root","image":{"@type":"ImageObject","inLanguage":"de","@id":"https:\/\/www.swissrtec.ch\/#\/schema\/person\/image\/","url":"https:\/\/www.swissrtec.ch\/wp-content\/litespeed\/avatar\/55f0d04b1481313b68eb9a474a119867.jpg?ver=1777640604","contentUrl":"https:\/\/www.swissrtec.ch\/wp-content\/litespeed\/avatar\/55f0d04b1481313b68eb9a474a119867.jpg?ver=1777640604","caption":"root"},"sameAs":["https:\/\/www.swissrtec.ch"],"url":"https:\/\/www.swissrtec.ch\/de\/author\/root\/"}]}},"_links":{"self":[{"href":"https:\/\/www.swissrtec.ch\/de\/wp-json\/wp\/v2\/posts\/5610","targetHints":{"allow":["GET"]}}],"collection":[{"href":"https:\/\/www.swissrtec.ch\/de\/wp-json\/wp\/v2\/posts"}],"about":[{"href":"https:\/\/www.swissrtec.ch\/de\/wp-json\/wp\/v2\/types\/post"}],"author":[{"embeddable":true,"href":"https:\/\/www.swissrtec.ch\/de\/wp-json\/wp\/v2\/users\/1"}],"replies":[{"embeddable":true,"href":"https:\/\/www.swissrtec.ch\/de\/wp-json\/wp\/v2\/comments?post=5610"}],"version-history":[{"count":3,"href":"https:\/\/www.swissrtec.ch\/de\/wp-json\/wp\/v2\/posts\/5610\/revisions"}],"predecessor-version":[{"id":6414,"href":"https:\/\/www.swissrtec.ch\/de\/wp-json\/wp\/v2\/posts\/5610\/revisions\/6414"}],"wp:attachment":[{"href":"https:\/\/www.swissrtec.ch\/de\/wp-json\/wp\/v2\/media?parent=5610"}],"wp:term":[{"taxonomy":"category","embeddable":true,"href":"https:\/\/www.swissrtec.ch\/de\/wp-json\/wp\/v2\/categories?post=5610"},{"taxonomy":"post_tag","embeddable":true,"href":"https:\/\/www.swissrtec.ch\/de\/wp-json\/wp\/v2\/tags?post=5610"}],"curies":[{"name":"wp","href":"https:\/\/api.w.org\/{rel}","templated":true}]}}