{"id":6510,"date":"2025-07-10T16:25:00","date_gmt":"2025-07-10T14:25:00","guid":{"rendered":"https:\/\/www.swissrtec.ch\/?p=6510"},"modified":"2025-08-08T14:21:21","modified_gmt":"2025-08-08T12:21:21","slug":"5s-arbeitsplatzverbesserungstag-bei-swissrtec-ag","status":"publish","type":"post","link":"https:\/\/www.swissrtec.ch\/de\/5s-arbeitsplatzverbesserungstag-bei-swissrtec-ag\/","title":{"rendered":"5S-ARBEITSPLATZVERBESSERUNGSTAG BEI SWISSRTEC AG"},"content":{"rendered":"","protected":false},"excerpt":{"rendered":"","protected":false},"author":1,"featured_media":0,"comment_status":"closed","ping_status":"closed","sticky":false,"template":"","format":"standard","meta":{"_acf_changed":false,"inline_featured_image":false,"footnotes":""},"categories":[36],"tags":[],"class_list":["post-6510","post","type-post","status-publish","format-standard","hentry","category-unkategorisiert"],"acf":{"module":[{"acf_fc_layout":"zeile","modul_aktiv":true,"beschriftung_backend":"","volle_breite":false,"hintergrund":"","hintergrundfarbe":"","hintergrundbild":null,"abstand_oben":35,"padding_oben":35,"beschriftung":"","uberschrift":"","ueberschrift_farbe":"","spalten":"1","hintergrundfarbe_spalte_1":"","spalte_1_inhalt":"text","spalte_1_ausrichtung":"align-items-center","spalte_1_textfluss":"justify-content-start","carousel_spalte_1":null,"spalte_1_text":"Gestern kam das gesamte swissRTec-Team zu einem 5S-Arbeitplatzverbesserungstag zusammen.\r\n\r\nAlle haben aktiv dazu beigetragen, unseren Arbeitsplatz aufzur\u00e4umen, zu organisieren und gr\u00fcndlich zu reinigen \u2013 dabei wurden auch defekte Gegenst\u00e4nde ersetzt und Arbeitsbereiche optimiert, um Sicherheit, Effizienz und kontinuierliche Verbesserung zu f\u00f6rdern.\r\n\r\nNach einem produktiven Vormittag haben wir uns zu einem gemeinsamen BBQ-Mittagessen versammelt, um unsere gemeinsame Leistung zu feiern.\r\n\r\nEin gro\u00dfes Dankesch\u00f6n an das Team f\u00fcr das Engagement und die Energie, mit der ihr swissRTec AG jeden Tag ein St\u00fcck besser macht!","spalte_1_text_padding":{"top":"","right":"","bottom":"","left":""},"spalte_1_bild":null,"spalte_1_bild_mobile":null,"hintergrundfarbe_spalte_2":"","spalte_2_inhalt":false,"spalte_2_ausrichtung":"align-items-center","spalte_2_text":"","spalte_2_text_padding":{"top":"","right":"","bottom":"","left":""},"spalte_2_bild":null,"spalte_2_bild_mobile":null,"spalte_2_spezial_layer":false,"hintergrundfarbe_spalte_3":"","spalte_3_inhalt":false,"spalte_3_ausrichtung":"align-items-center","spalte_3_text":"","spalte_3_text_padding":{"top":"","right":"","bottom":"","left":""},"spalte_3_bild":null,"spalte_3_bild_mobile":null,"abstand_unten":35,"padding_unten":35}]},"yoast_head":"<!-- This site is optimized with the Yoast SEO plugin v25.3.1 - https:\/\/yoast.com\/wordpress\/plugins\/seo\/ -->\n<title>5S-ARBEITSPLATZVERBESSERUNGSTAG BEI SWISSRTEC AG - swissRTec AG<\/title>\n<meta name=\"description\" content=\"News von swissRTec: Teamevent Arbeitsverbesserungstag nach dem 5S-Prinzip\" \/>\n<meta name=\"robots\" content=\"index, follow, max-snippet:-1, max-image-preview:large, max-video-preview:-1\" \/>\n<link rel=\"canonical\" href=\"https:\/\/www.swissrtec.ch\/de\/5s-arbeitsplatzverbesserungstag-bei-swissrtec-ag\/\" \/>\n<meta property=\"og:locale\" content=\"de_DE\" \/>\n<meta property=\"og:type\" content=\"article\" \/>\n<meta property=\"og:title\" content=\"5S-ARBEITSPLATZVERBESSERUNGSTAG BEI SWISSRTEC AG - swissRTec AG\" \/>\n<meta property=\"og:description\" content=\"News von swissRTec: Teamevent Arbeitsverbesserungstag nach dem 5S-Prinzip\" \/>\n<meta property=\"og:url\" content=\"https:\/\/www.swissrtec.ch\/de\/5s-arbeitsplatzverbesserungstag-bei-swissrtec-ag\/\" \/>\n<meta property=\"og:site_name\" content=\"swissRTec AG\" \/>\n<meta property=\"article:published_time\" content=\"2025-07-10T14:25:00+00:00\" \/>\n<meta property=\"article:modified_time\" content=\"2025-08-08T12:21:21+00:00\" \/>\n<meta name=\"author\" content=\"root\" \/>\n<meta name=\"twitter:card\" content=\"summary_large_image\" \/>\n<meta name=\"twitter:label1\" content=\"Verfasst von\" \/>\n\t<meta name=\"twitter:data1\" content=\"root\" \/>\n<script type=\"application\/ld+json\" class=\"yoast-schema-graph\">{\"@context\":\"https:\/\/schema.org\",\"@graph\":[{\"@type\":\"Article\",\"@id\":\"https:\/\/www.swissrtec.ch\/de\/5s-arbeitsplatzverbesserungstag-bei-swissrtec-ag\/#article\",\"isPartOf\":{\"@id\":\"https:\/\/www.swissrtec.ch\/de\/5s-arbeitsplatzverbesserungstag-bei-swissrtec-ag\/\"},\"author\":{\"name\":\"root\",\"@id\":\"https:\/\/www.swissrtec.ch\/#\/schema\/person\/c006a35115d12979b5451fa8d0a9ab85\"},\"headline\":\"5S-ARBEITSPLATZVERBESSERUNGSTAG BEI SWISSRTEC AG\",\"datePublished\":\"2025-07-10T14:25:00+00:00\",\"dateModified\":\"2025-08-08T12:21:21+00:00\",\"mainEntityOfPage\":{\"@id\":\"https:\/\/www.swissrtec.ch\/de\/5s-arbeitsplatzverbesserungstag-bei-swissrtec-ag\/\"},\"wordCount\":4,\"publisher\":{\"@id\":\"https:\/\/www.swissrtec.ch\/#organization\"},\"articleSection\":[\"Unkategorisiert\"],\"inLanguage\":\"de\"},{\"@type\":\"WebPage\",\"@id\":\"https:\/\/www.swissrtec.ch\/de\/5s-arbeitsplatzverbesserungstag-bei-swissrtec-ag\/\",\"url\":\"https:\/\/www.swissrtec.ch\/de\/5s-arbeitsplatzverbesserungstag-bei-swissrtec-ag\/\",\"name\":\"5S-ARBEITSPLATZVERBESSERUNGSTAG BEI SWISSRTEC AG - swissRTec AG\",\"isPartOf\":{\"@id\":\"https:\/\/www.swissrtec.ch\/#website\"},\"datePublished\":\"2025-07-10T14:25:00+00:00\",\"dateModified\":\"2025-08-08T12:21:21+00:00\",\"description\":\"News von swissRTec: Teamevent Arbeitsverbesserungstag nach dem 5S-Prinzip\",\"breadcrumb\":{\"@id\":\"https:\/\/www.swissrtec.ch\/de\/5s-arbeitsplatzverbesserungstag-bei-swissrtec-ag\/#breadcrumb\"},\"inLanguage\":\"de\",\"potentialAction\":[{\"@type\":\"ReadAction\",\"target\":[\"https:\/\/www.swissrtec.ch\/de\/5s-arbeitsplatzverbesserungstag-bei-swissrtec-ag\/\"]}]},{\"@type\":\"BreadcrumbList\",\"@id\":\"https:\/\/www.swissrtec.ch\/de\/5s-arbeitsplatzverbesserungstag-bei-swissrtec-ag\/#breadcrumb\",\"itemListElement\":[{\"@type\":\"ListItem\",\"position\":1,\"name\":\"Home\",\"item\":\"https:\/\/www.swissrtec.ch\/de\/\"},{\"@type\":\"ListItem\",\"position\":2,\"name\":\"5S-ARBEITSPLATZVERBESSERUNGSTAG BEI SWISSRTEC AG\"}]},{\"@type\":\"WebSite\",\"@id\":\"https:\/\/www.swissrtec.ch\/#website\",\"url\":\"https:\/\/www.swissrtec.ch\/\",\"name\":\"swissRTec\",\"description\":\"\",\"publisher\":{\"@id\":\"https:\/\/www.swissrtec.ch\/#organization\"},\"potentialAction\":[{\"@type\":\"SearchAction\",\"target\":{\"@type\":\"EntryPoint\",\"urlTemplate\":\"https:\/\/www.swissrtec.ch\/?s={search_term_string}\"},\"query-input\":{\"@type\":\"PropertyValueSpecification\",\"valueRequired\":true,\"valueName\":\"search_term_string\"}}],\"inLanguage\":\"de\"},{\"@type\":\"Organization\",\"@id\":\"https:\/\/www.swissrtec.ch\/#organization\",\"name\":\"swissRTec AG\",\"url\":\"https:\/\/www.swissrtec.ch\/\",\"logo\":{\"@type\":\"ImageObject\",\"inLanguage\":\"de\",\"@id\":\"https:\/\/www.swissrtec.ch\/#\/schema\/logo\/image\/\",\"url\":\"https:\/\/www.swissrtec.ch\/wp-content\/uploads\/2025\/03\/swissrtec-logo.svg\",\"contentUrl\":\"https:\/\/www.swissrtec.ch\/wp-content\/uploads\/2025\/03\/swissrtec-logo.svg\",\"width\":1,\"height\":1,\"caption\":\"swissRTec AG\"},\"image\":{\"@id\":\"https:\/\/www.swissrtec.ch\/#\/schema\/logo\/image\/\"}},{\"@type\":\"Person\",\"@id\":\"https:\/\/www.swissrtec.ch\/#\/schema\/person\/c006a35115d12979b5451fa8d0a9ab85\",\"name\":\"root\",\"image\":{\"@type\":\"ImageObject\",\"inLanguage\":\"de\",\"@id\":\"https:\/\/www.swissrtec.ch\/#\/schema\/person\/image\/\",\"url\":\"https:\/\/www.swissrtec.ch\/wp-content\/litespeed\/avatar\/55f0d04b1481313b68eb9a474a119867.jpg?ver=1777640604\",\"contentUrl\":\"https:\/\/www.swissrtec.ch\/wp-content\/litespeed\/avatar\/55f0d04b1481313b68eb9a474a119867.jpg?ver=1777640604\",\"caption\":\"root\"},\"sameAs\":[\"https:\/\/www.swissrtec.ch\"],\"url\":\"https:\/\/www.swissrtec.ch\/de\/author\/root\/\"}]}<\/script>\n<!-- \/ Yoast SEO plugin. -->","yoast_head_json":{"title":"5S-ARBEITSPLATZVERBESSERUNGSTAG BEI SWISSRTEC AG - swissRTec AG","description":"News von swissRTec: Teamevent Arbeitsverbesserungstag nach dem 5S-Prinzip","robots":{"index":"index","follow":"follow","max-snippet":"max-snippet:-1","max-image-preview":"max-image-preview:large","max-video-preview":"max-video-preview:-1"},"canonical":"https:\/\/www.swissrtec.ch\/de\/5s-arbeitsplatzverbesserungstag-bei-swissrtec-ag\/","og_locale":"de_DE","og_type":"article","og_title":"5S-ARBEITSPLATZVERBESSERUNGSTAG BEI SWISSRTEC AG - swissRTec AG","og_description":"News von swissRTec: Teamevent Arbeitsverbesserungstag nach dem 5S-Prinzip","og_url":"https:\/\/www.swissrtec.ch\/de\/5s-arbeitsplatzverbesserungstag-bei-swissrtec-ag\/","og_site_name":"swissRTec AG","article_published_time":"2025-07-10T14:25:00+00:00","article_modified_time":"2025-08-08T12:21:21+00:00","author":"root","twitter_card":"summary_large_image","twitter_misc":{"Verfasst von":"root"},"schema":{"@context":"https:\/\/schema.org","@graph":[{"@type":"Article","@id":"https:\/\/www.swissrtec.ch\/de\/5s-arbeitsplatzverbesserungstag-bei-swissrtec-ag\/#article","isPartOf":{"@id":"https:\/\/www.swissrtec.ch\/de\/5s-arbeitsplatzverbesserungstag-bei-swissrtec-ag\/"},"author":{"name":"root","@id":"https:\/\/www.swissrtec.ch\/#\/schema\/person\/c006a35115d12979b5451fa8d0a9ab85"},"headline":"5S-ARBEITSPLATZVERBESSERUNGSTAG BEI SWISSRTEC AG","datePublished":"2025-07-10T14:25:00+00:00","dateModified":"2025-08-08T12:21:21+00:00","mainEntityOfPage":{"@id":"https:\/\/www.swissrtec.ch\/de\/5s-arbeitsplatzverbesserungstag-bei-swissrtec-ag\/"},"wordCount":4,"publisher":{"@id":"https:\/\/www.swissrtec.ch\/#organization"},"articleSection":["Unkategorisiert"],"inLanguage":"de"},{"@type":"WebPage","@id":"https:\/\/www.swissrtec.ch\/de\/5s-arbeitsplatzverbesserungstag-bei-swissrtec-ag\/","url":"https:\/\/www.swissrtec.ch\/de\/5s-arbeitsplatzverbesserungstag-bei-swissrtec-ag\/","name":"5S-ARBEITSPLATZVERBESSERUNGSTAG BEI SWISSRTEC AG - swissRTec AG","isPartOf":{"@id":"https:\/\/www.swissrtec.ch\/#website"},"datePublished":"2025-07-10T14:25:00+00:00","dateModified":"2025-08-08T12:21:21+00:00","description":"News von swissRTec: Teamevent Arbeitsverbesserungstag nach dem 5S-Prinzip","breadcrumb":{"@id":"https:\/\/www.swissrtec.ch\/de\/5s-arbeitsplatzverbesserungstag-bei-swissrtec-ag\/#breadcrumb"},"inLanguage":"de","potentialAction":[{"@type":"ReadAction","target":["https:\/\/www.swissrtec.ch\/de\/5s-arbeitsplatzverbesserungstag-bei-swissrtec-ag\/"]}]},{"@type":"BreadcrumbList","@id":"https:\/\/www.swissrtec.ch\/de\/5s-arbeitsplatzverbesserungstag-bei-swissrtec-ag\/#breadcrumb","itemListElement":[{"@type":"ListItem","position":1,"name":"Home","item":"https:\/\/www.swissrtec.ch\/de\/"},{"@type":"ListItem","position":2,"name":"5S-ARBEITSPLATZVERBESSERUNGSTAG BEI SWISSRTEC AG"}]},{"@type":"WebSite","@id":"https:\/\/www.swissrtec.ch\/#website","url":"https:\/\/www.swissrtec.ch\/","name":"swissRTec","description":"","publisher":{"@id":"https:\/\/www.swissrtec.ch\/#organization"},"potentialAction":[{"@type":"SearchAction","target":{"@type":"EntryPoint","urlTemplate":"https:\/\/www.swissrtec.ch\/?s={search_term_string}"},"query-input":{"@type":"PropertyValueSpecification","valueRequired":true,"valueName":"search_term_string"}}],"inLanguage":"de"},{"@type":"Organization","@id":"https:\/\/www.swissrtec.ch\/#organization","name":"swissRTec AG","url":"https:\/\/www.swissrtec.ch\/","logo":{"@type":"ImageObject","inLanguage":"de","@id":"https:\/\/www.swissrtec.ch\/#\/schema\/logo\/image\/","url":"https:\/\/www.swissrtec.ch\/wp-content\/uploads\/2025\/03\/swissrtec-logo.svg","contentUrl":"https:\/\/www.swissrtec.ch\/wp-content\/uploads\/2025\/03\/swissrtec-logo.svg","width":1,"height":1,"caption":"swissRTec AG"},"image":{"@id":"https:\/\/www.swissrtec.ch\/#\/schema\/logo\/image\/"}},{"@type":"Person","@id":"https:\/\/www.swissrtec.ch\/#\/schema\/person\/c006a35115d12979b5451fa8d0a9ab85","name":"root","image":{"@type":"ImageObject","inLanguage":"de","@id":"https:\/\/www.swissrtec.ch\/#\/schema\/person\/image\/","url":"https:\/\/www.swissrtec.ch\/wp-content\/litespeed\/avatar\/55f0d04b1481313b68eb9a474a119867.jpg?ver=1777640604","contentUrl":"https:\/\/www.swissrtec.ch\/wp-content\/litespeed\/avatar\/55f0d04b1481313b68eb9a474a119867.jpg?ver=1777640604","caption":"root"},"sameAs":["https:\/\/www.swissrtec.ch"],"url":"https:\/\/www.swissrtec.ch\/de\/author\/root\/"}]}},"_links":{"self":[{"href":"https:\/\/www.swissrtec.ch\/de\/wp-json\/wp\/v2\/posts\/6510","targetHints":{"allow":["GET"]}}],"collection":[{"href":"https:\/\/www.swissrtec.ch\/de\/wp-json\/wp\/v2\/posts"}],"about":[{"href":"https:\/\/www.swissrtec.ch\/de\/wp-json\/wp\/v2\/types\/post"}],"author":[{"embeddable":true,"href":"https:\/\/www.swissrtec.ch\/de\/wp-json\/wp\/v2\/users\/1"}],"replies":[{"embeddable":true,"href":"https:\/\/www.swissrtec.ch\/de\/wp-json\/wp\/v2\/comments?post=6510"}],"version-history":[{"count":7,"href":"https:\/\/www.swissrtec.ch\/de\/wp-json\/wp\/v2\/posts\/6510\/revisions"}],"predecessor-version":[{"id":6558,"href":"https:\/\/www.swissrtec.ch\/de\/wp-json\/wp\/v2\/posts\/6510\/revisions\/6558"}],"wp:attachment":[{"href":"https:\/\/www.swissrtec.ch\/de\/wp-json\/wp\/v2\/media?parent=6510"}],"wp:term":[{"taxonomy":"category","embeddable":true,"href":"https:\/\/www.swissrtec.ch\/de\/wp-json\/wp\/v2\/categories?post=6510"},{"taxonomy":"post_tag","embeddable":true,"href":"https:\/\/www.swissrtec.ch\/de\/wp-json\/wp\/v2\/tags?post=6510"}],"curies":[{"name":"wp","href":"https:\/\/api.w.org\/{rel}","templated":true}]}}